{"@context":{"dc":"http:\/\/purl.org\/dc\/elements\/1.1\/","skos":"http:\/\/www.w3.org\/2004\/02\/skos\/core#","skos:broader":{"@type":"@id"},"skos:inScheme":{"@type":"@id"},"skos:related":{"@type":"@id"},"skos:narrower":{"@type":"@id"},"skos:hasTopConcept":{"@type":"@id"},"skos:topConceptOf":{"@type":"@id"}},"@id":"https:\/\/ihoes.ideesculture.fr\/tematres\/vocab\/skos\/1925","@type":"skos:Concept","skos:prefLabel":{"@language":"fr","@value=":"Armes"},"skos:inScheme":"https:\/\/ihoes.ideesculture.fr\/tematres\/vocab\/","dct:created":"2026-04-09 18:53:58","skos:scopeNote":[{"@lang":"fr","@value":"S'emploie en t\u00eate de vedette\n\nVoir aussi aux vedettes commen\u00e7ant par le mot Armes, par ex. : Armes \u00e0 feu\n\nVoir aussi la vedette Armes suivie d'un adjectif ethnique, de p\u00e9riodisation, civilisation, religion ou style par ex. : Armes indiennes ; Armes pr\u00e9historiques ; Armes myc\u00e9niennes\n\nVoir aussi la subdivision Collections d'armes aux collectivit\u00e9s (\u00e0 l'exception des types de collectivit\u00e9s) et personnes propri\u00e9taires de collections "}],"skos:altLabel":[{"language":"fr","value":"Armes classiques"},{"language":"fr","value":"Armes conventionnelles"},{"language":"fr","value":"Armes et armures"}]}