{"@context":{"dc":"http:\/\/purl.org\/dc\/elements\/1.1\/","skos":"http:\/\/www.w3.org\/2004\/02\/skos\/core#","skos:broader":{"@type":"@id"},"skos:inScheme":{"@type":"@id"},"skos:related":{"@type":"@id"},"skos:narrower":{"@type":"@id"},"skos:hasTopConcept":{"@type":"@id"},"skos:topConceptOf":{"@type":"@id"}},"@id":"https:\/\/ihoes.ideesculture.fr\/tematres\/vocab\/skos\/19379","@type":"skos:Concept","skos:prefLabel":{"@language":"fr","@value=":"Enfants d&apos;immigr\u00e9s"},"skos:inScheme":"https:\/\/ihoes.ideesculture.fr\/tematres\/vocab\/","dct:created":"2026-04-09 18:53:58","skos:scopeNote":[{"@lang":"fr","@value":"Vedette mati\u00e8re nom commun   . S'emploie en t\u00eate de vedette "}],"skos:altLabel":[{"language":"fr","value":"Beurs"},{"language":"fr","value":"Enfants d'immigrants"},{"language":"fr","value":"Enfants de harkis"},{"language":"fr","value":"Enfants de la deuxi\u00e8me g\u00e9n\u00e9ration"},{"language":"fr","value":"Enfants de la premi\u00e8re g\u00e9n\u00e9ration"},{"language":"fr","value":"Enfants de migrants"},{"language":"fr","value":"Enfants issus de l'immigration"},{"language":"fr","value":"Immigr\u00e9s, Enfants d'"}]}