{"@context":{"dc":"http:\/\/purl.org\/dc\/elements\/1.1\/","skos":"http:\/\/www.w3.org\/2004\/02\/skos\/core#","skos:broader":{"@type":"@id"},"skos:inScheme":{"@type":"@id"},"skos:related":{"@type":"@id"},"skos:narrower":{"@type":"@id"},"skos:hasTopConcept":{"@type":"@id"},"skos:topConceptOf":{"@type":"@id"}},"@id":"https:\/\/ihoes.ideesculture.fr\/tematres\/vocab\/skos\/20143","@type":"skos:Concept","skos:prefLabel":{"@language":"fr","@value=":"\u00c9picure (0341-0270 av. J.-C.)"},"skos:inScheme":"https:\/\/ihoes.ideesculture.fr\/tematres\/vocab\/","dct:created":"2026-04-09 18:53:58","skos:scopeNote":[{"@lang":"fr","@value":"Type : Nom de personne\n\nLangue(s) :  grec ancien\n Sexe :  masculin\n Responsabilit\u00e9(s) exerc\u00e9e(s) sur les documents :  Auteur\n Naissance :  Av. J.-C. 0341\n Mort :  Av. J.-C. 0270\n\nPhilosophe dont la pens\u00e9e s'inspire de celle de D\u00e9mocrite. - N\u00e9 \u00e0 Samos, a fond\u00e9 une \u00e9cole philosophique \u00e0 Ath\u00e8nes "}]}