{"@context":{"dc":"http:\/\/purl.org\/dc\/elements\/1.1\/","skos":"http:\/\/www.w3.org\/2004\/02\/skos\/core#","skos:broader":{"@type":"@id"},"skos:inScheme":{"@type":"@id"},"skos:related":{"@type":"@id"},"skos:narrower":{"@type":"@id"},"skos:hasTopConcept":{"@type":"@id"},"skos:topConceptOf":{"@type":"@id"}},"@id":"https:\/\/ihoes.ideesculture.fr\/tematres\/vocab\/skos\/21856","@type":"skos:Concept","skos:prefLabel":{"@language":"fr","@value=":"Federaci\u00f3n espa\u00f1ola de trabajadores de la ense\u00f1anza"},"skos:inScheme":"https:\/\/ihoes.ideesculture.fr\/tematres\/vocab\/","dct:created":"2026-04-09 18:53:58","skos:scopeNote":[{"@lang":"fr","@value":"Type : Collectivit\u00e9\n\nNation(s) :  Espagne\n Langue(s) :  espagnol\n Responsabilit\u00e9(s) exerc\u00e9e(s) sur les documents :  Auteur\n Naissance :  1931 "}],"skos:altLabel":[{"language":"fr","value":"F\u00e9d\u00e9ration espagnole des travailleurs de L'enseignement"},{"language":"fr","value":"FETE"}]}