{"@context":{"dc":"http:\/\/purl.org\/dc\/elements\/1.1\/","skos":"http:\/\/www.w3.org\/2004\/02\/skos\/core#","skos:broader":{"@type":"@id"},"skos:inScheme":{"@type":"@id"},"skos:related":{"@type":"@id"},"skos:narrower":{"@type":"@id"},"skos:hasTopConcept":{"@type":"@id"},"skos:topConceptOf":{"@type":"@id"}},"@id":"https:\/\/ihoes.ideesculture.fr\/tematres\/vocab\/skos\/22360","@type":"skos:Concept","skos:prefLabel":{"@language":"fr","@value=":"F\u00e9d\u00e9ration nationale des ouvriers m\u00e9tallurgistes (France)"},"skos:inScheme":"https:\/\/ihoes.ideesculture.fr\/tematres\/vocab\/","dct:created":"2026-04-09 18:53:58","skos:scopeNote":[{"@lang":"fr","@value":"Type : Collectivit\u00e9\n\nFrance \n\nLangue(s) :  fran\u00e7ais \n\nResponsabilit\u00e9(s) exerc\u00e9e(s) sur les documents :  Auteur \n\nNaissance :  1891 \n\nMort :  1946 \n\nFonctions reprises par : F\u00e9d\u00e9ration des travailleurs de la m\u00e9tallurgie CGT "}],"skos:altLabel":[{"language":"fr","value":"F\u00e9d\u00e9ration des m\u00e9taux et similaires (France)"},{"language":"fr","value":"F\u00e9d\u00e9ration des ouvriers des m\u00e9taux et similaires (France)"}]}