{"@context":{"dc":"http:\/\/purl.org\/dc\/elements\/1.1\/","skos":"http:\/\/www.w3.org\/2004\/02\/skos\/core#","skos:broader":{"@type":"@id"},"skos:inScheme":{"@type":"@id"},"skos:related":{"@type":"@id"},"skos:narrower":{"@type":"@id"},"skos:hasTopConcept":{"@type":"@id"},"skos:topConceptOf":{"@type":"@id"}},"@id":"https:\/\/ihoes.ideesculture.fr\/tematres\/vocab\/skos\/22393","@type":"skos:Concept","skos:prefLabel":{"@language":"fr","@value=":"Feltz, Claude (1950-....)"},"skos:inScheme":"https:\/\/ihoes.ideesculture.fr\/tematres\/vocab\/","dct:created":"2026-04-09 18:53:58","skos:scopeNote":[{"@lang":"fr","@value":"Type : Nom de personne\n\nNationalit\u00e9(s) :  Belgique\n Langue(s) :  fran\u00e7ais\n Responsabilit\u00e9(s) exerc\u00e9e(s) sur les documents :  Auteur\n Naissance :  1950-07-08\n\nDocteur en sciences de l'environnement (Arlon, 1977), ing\u00e9nieur civil, architecte-urbaniste (Louvain-la-Neuve, 1973). - Chef de travaux et ma\u00eetre de conf\u00e9rence en am\u00e9nagement et environnement \u00e0 la Fondation universitaire luxembourgeoise, Arlon (en 1992) "}]}