{"@context":{"dc":"http:\/\/purl.org\/dc\/elements\/1.1\/","skos":"http:\/\/www.w3.org\/2004\/02\/skos\/core#","skos:broader":{"@type":"@id"},"skos:inScheme":{"@type":"@id"},"skos:related":{"@type":"@id"},"skos:narrower":{"@type":"@id"},"skos:hasTopConcept":{"@type":"@id"},"skos:topConceptOf":{"@type":"@id"}},"@id":"https:\/\/ihoes.ideesculture.fr\/tematres\/vocab\/skos\/22549","@type":"skos:Concept","skos:prefLabel":{"@language":"fr","@value=":"Fern\u00e1ndez Retamar, Roberto (1930-....)"},"skos:inScheme":"https:\/\/ihoes.ideesculture.fr\/tematres\/vocab\/","dct:created":"2026-04-09 18:53:58","skos:scopeNote":[{"@lang":"fr","@value":"Type : Nom de personne\n\nNationalit\u00e9(s) :  Cuba\n Langue(s) :  espagnol\n Sexe :  masculin\n Responsabilit\u00e9(s) exerc\u00e9e(s) sur les documents :  Auteur, participant\n Naissance :  1930\n\nPo\u00e8te. - Essayiste. - Docteur \u00e8s lettres de l'Universit\u00e9 de La Havane en 1954. - Enseigne \u00e0 l'Universit\u00e9 de La Havane depuis 1955 (en 1983) "}],"skos:altLabel":[{"language":"fr","value":"Retamar, Roberto Fern\u00e1ndez (1930-....)"}]}