{"@context":{"dc":"http:\/\/purl.org\/dc\/elements\/1.1\/","skos":"http:\/\/www.w3.org\/2004\/02\/skos\/core#","skos:broader":{"@type":"@id"},"skos:inScheme":{"@type":"@id"},"skos:related":{"@type":"@id"},"skos:narrower":{"@type":"@id"},"skos:hasTopConcept":{"@type":"@id"},"skos:topConceptOf":{"@type":"@id"}},"@id":"https:\/\/ihoes.ideesculture.fr\/tematres\/vocab\/skos\/22625","@type":"skos:Concept","skos:prefLabel":{"@language":"fr","@value=":"Figu\u00e8res, L\u00e9o (1918-2011)"},"skos:inScheme":"https:\/\/ihoes.ideesculture.fr\/tematres\/vocab\/","dct:created":"2026-04-09 18:53:58","skos:scopeNote":[{"@lang":"fr","@value":"Type : Nom de personne\n\nNationalit\u00e9(s) :  France\n Langue(s) :  fran\u00e7ais\n Sexe :  masculin\n Responsabilit\u00e9(s) exerc\u00e9e(s) sur les documents :  Auteur, participant\n Naissance :  1918-03-27, Perpignan\n Mort :  2011-08-01, Perpignan\n\nTypographe. - Membre du comit\u00e9 central du Parti communiste. - D\u00e9put\u00e9. - Maire de Malakoff (1965-1996) "}],"skos:altLabel":[{"language":"fr","value":"Figu\u00e8res, L\u00e9opold (1918-2011)"}]}