{"@context":{"dc":"http:\/\/purl.org\/dc\/elements\/1.1\/","skos":"http:\/\/www.w3.org\/2004\/02\/skos\/core#","skos:broader":{"@type":"@id"},"skos:inScheme":{"@type":"@id"},"skos:related":{"@type":"@id"},"skos:narrower":{"@type":"@id"},"skos:hasTopConcept":{"@type":"@id"},"skos:topConceptOf":{"@type":"@id"}},"@id":"https:\/\/ihoes.ideesculture.fr\/tematres\/vocab\/skos\/22762","@type":"skos:Concept","skos:prefLabel":{"@language":"fr","@value=":"Follereau, Raoul (1903-1977)"},"skos:inScheme":"https:\/\/ihoes.ideesculture.fr\/tematres\/vocab\/","dct:created":"2026-04-09 18:53:58","skos:scopeNote":[{"@lang":"fr","@value":"Type : Nom de personne\n\nNationalit\u00e9(s) :  France\n Langue(s) :  fran\u00e7ais\n Sexe :  masculin\n Responsabilit\u00e9(s) exerc\u00e9e(s) sur les documents :  Auteur, participant\n Naissance :  1903-08-17, Nevers (Ni\u00e8vre)\n Mort :  1977-12-06, Paris\n\nHomme de lettres, philanthrope. - Avocat inscrit au barreau de Paris. - Fondateur des Fondations Raoul-Follereau, il consacrera sa vie \u00e0 l'am\u00e9lioration du sort des l\u00e9preux. - En 1954, il fonde la journ\u00e9e mondiale des l\u00e9preux, d\u00e9sormais c\u00e9l\u00e9br\u00e9e chaque dernier dimanche de janvier dans pr\u00e8s de 140 pays. - Membre de l'Acad\u00e9mie des sciences d'Outre-mer (\u00e9lu en de 1952) "}]}