{"@context":{"dc":"http:\/\/purl.org\/dc\/elements\/1.1\/","skos":"http:\/\/www.w3.org\/2004\/02\/skos\/core#","skos:broader":{"@type":"@id"},"skos:inScheme":{"@type":"@id"},"skos:related":{"@type":"@id"},"skos:narrower":{"@type":"@id"},"skos:hasTopConcept":{"@type":"@id"},"skos:topConceptOf":{"@type":"@id"}},"@id":"https:\/\/ihoes.ideesculture.fr\/tematres\/vocab\/skos\/2476","@type":"skos:Concept","skos:prefLabel":{"@language":"fr","@value=":"Association pour la d\u00e9mocratie et l&apos;\u00e9ducation locale et sociale (France)"},"skos:inScheme":"https:\/\/ihoes.ideesculture.fr\/tematres\/vocab\/","dct:created":"2026-04-09 18:53:58","skos:scopeNote":[{"@lang":"fr","@value":"Type : Collectivit\u00e9\n\nNation(s) : France\nLangue(s) : fran\u00e7ais\nResponsabilit\u00e9(s) exerc\u00e9e(s) sur les documents : Auteur\nNaissance : 1959\n\nAdresse : 108-110 rue Saint-Maur, 75011 Paris "}],"skos:altLabel":[{"language":"fr","value":"ADELS"},{"language":"fr","value":"Association d\u00e9mocratique d'\u00e9lus et animateurs de la vie locale et sociale (France)"},{"language":"fr","value":"Association pour la d\u00e9mocratie et l'\u00e9ducation locale et sociale (Paris)"}]}