{"@context":{"dc":"http:\/\/purl.org\/dc\/elements\/1.1\/","skos":"http:\/\/www.w3.org\/2004\/02\/skos\/core#","skos:broader":{"@type":"@id"},"skos:inScheme":{"@type":"@id"},"skos:related":{"@type":"@id"},"skos:narrower":{"@type":"@id"},"skos:hasTopConcept":{"@type":"@id"},"skos:topConceptOf":{"@type":"@id"}},"@id":"https:\/\/ihoes.ideesculture.fr\/tematres\/vocab\/skos\/5384","@type":"skos:Concept","skos:prefLabel":{"@language":"fr","@value=":"Bonnefous, \u00c9douard (1907-2007)"},"skos:inScheme":"https:\/\/ihoes.ideesculture.fr\/tematres\/vocab\/","dct:created":"2026-04-09 18:53:58","skos:scopeNote":[{"@lang":"fr","@value":"Type : Nom de personne\n\nNationalit\u00e9(s) : France\nLangue(s) : fran\u00e7ais\nSexe : masculin\nResponsabilit\u00e9(s) exerc\u00e9e(s) sur les documents : Auteur, participant\nNaissance : 1907-08-24, Paris\nMort : 2007-02-23\n\nHomme politique. - S\u00e9nateur de Seine-et-Oise (1959-1968), puis des Yvelines (1967-1986), conseiller r\u00e9gional de l'Ile-de-France (1986-1992). - Professeur \u00e0 l'Institut des hautes \u00e9tudes internationales de la facult\u00e9 de droit de Paris. - Membre de l'Acad\u00e9mie des sciences morales et politiques (membre libre en 1958, titulaire en 1964) "}]}