{"@context":{"dc":"http:\/\/purl.org\/dc\/elements\/1.1\/","skos":"http:\/\/www.w3.org\/2004\/02\/skos\/core#","skos:broader":{"@type":"@id"},"skos:inScheme":{"@type":"@id"},"skos:related":{"@type":"@id"},"skos:narrower":{"@type":"@id"},"skos:hasTopConcept":{"@type":"@id"},"skos:topConceptOf":{"@type":"@id"}},"@id":"https:\/\/ihoes.ideesculture.fr\/tematres\/vocab\/skos\/7113","@type":"skos:Concept","skos:prefLabel":{"@language":"fr","@value=":"Carrau, Ludovic (1842-1889)"},"skos:inScheme":"https:\/\/ihoes.ideesculture.fr\/tematres\/vocab\/","dct:created":"2026-04-09 18:53:58","skos:scopeNote":[{"@lang":"fr","@value":"Type : Nom de personne\n\nNationalit\u00e9(s) : France\nLangue(s) : fran\u00e7ais\nSexe : masculin\nResponsabilit\u00e9(s) exerc\u00e9e(s) sur les documents : Auteur\nNaissance : 1842-09-06, Paris\nMort : 1889-02-21, Paris\n\nA \u00e9crit aussi en latin\nProfesseur de philosophie. - Agr\u00e9g\u00e9 de philosophie (1864). - Docteur \u00e9s lettres (Paris, 1870). - Ma\u00eetre de conf\u00e9rences, puis professeur adjoint \u00e0 la Sorbonne, Paris (1881-1889) "}],"skos:altLabel":[{"language":"fr","value":"Carrau, Ludovicus (1842-1889)"}]}