{"@context":{"dc":"http:\/\/purl.org\/dc\/elements\/1.1\/","skos":"http:\/\/www.w3.org\/2004\/02\/skos\/core#","skos:broader":{"@type":"@id"},"skos:inScheme":{"@type":"@id"},"skos:related":{"@type":"@id"},"skos:narrower":{"@type":"@id"},"skos:hasTopConcept":{"@type":"@id"},"skos:topConceptOf":{"@type":"@id"}},"@id":"https:\/\/ihoes.ideesculture.fr\/tematres\/vocab\/skos\/8258","@type":"skos:Concept","skos:prefLabel":{"@language":"fr","@value=":"Centre de ressources et de liaison pour les associations et les porteurs de projets (France)"},"skos:inScheme":"https:\/\/ihoes.ideesculture.fr\/tematres\/vocab\/","dct:created":"2026-04-09 18:53:58","skos:scopeNote":[{"@lang":"fr","@value":"Type : Collectivit\u00e9\n\n1968-....\nNation(s) : France\nLangue(s) : fran\u00e7ais\n\nA distinguer de la D\u00e9l\u00e9gation Ile-de-France du CLAP situ\u00e9e 142 rue de Charonne, 75011 Paris\n\nAdresse : 25 rue Gandon, 75013 Paris "}],"skos:altLabel":[{"language":"fr","value":"CLAP"},{"language":"fr","value":"Comit\u00e9 de liaison des acteurs de la promotion (France)"},{"language":"fr","value":"Comit\u00e9 de liaison pour l'alphab\u00e9tisation et la promotion (Frances)"}]}