{"@context":{"dc":"http:\/\/purl.org\/dc\/elements\/1.1\/","skos":"http:\/\/www.w3.org\/2004\/02\/skos\/core#","skos:broader":{"@type":"@id"},"skos:inScheme":{"@type":"@id"},"skos:related":{"@type":"@id"},"skos:narrower":{"@type":"@id"},"skos:hasTopConcept":{"@type":"@id"},"skos:topConceptOf":{"@type":"@id"}},"@id":"https:\/\/ihoes.ideesculture.fr\/tematres\/vocab\/skos\/855","@type":"skos:Concept","skos:prefLabel":{"@language":"fr","@value=":"Albertini, Jean (1931-2006)"},"skos:inScheme":"https:\/\/ihoes.ideesculture.fr\/tematres\/vocab\/","dct:created":"2026-04-09 18:53:58","skos:scopeNote":[{"@lang":"fr","@value":"Type : Nom de personne\n\n1931-2006\nNationalit\u00e9(s) : France\nLangue(s) : fran\u00e7ais\nSexe : masculin\n\nAgr\u00e9g\u00e9 de lettres classiques\nProfesseur de lettres\nCharg\u00e9 de cours \u00e0 l'Universit\u00e9 Lyon II\nMembre de la Soci\u00e9t\u00e9 des Amis de Louis Aragon et Elsa Triolet "}]}