{"@context":{"dc":"http:\/\/purl.org\/dc\/elements\/1.1\/","skos":"http:\/\/www.w3.org\/2004\/02\/skos\/core#","skos:broader":{"@type":"@id"},"skos:inScheme":{"@type":"@id"},"skos:related":{"@type":"@id"},"skos:narrower":{"@type":"@id"},"skos:hasTopConcept":{"@type":"@id"},"skos:topConceptOf":{"@type":"@id"}},"@id":"https:\/\/ihoes.ideesculture.fr\/tematres\/vocab\/skos\/8593","@type":"skos:Concept","skos:prefLabel":{"@language":"fr","@value=":"Centres d&apos;information de recherche culturelle et de liaison en Europe"},"skos:inScheme":"https:\/\/ihoes.ideesculture.fr\/tematres\/vocab\/","dct:created":"2026-04-09 18:53:58","skos:scopeNote":[{"@lang":"fr","@value":"Type : Collectivit\u00e9\n\nLangue(s) : multilingue\nResponsabilit\u00e9(s) exerc\u00e9e(s) sur les documents : Auteur\nNaissance : 1984\n\nR\u00e9seau de centres d'information, de recherche et de documentation consacr\u00e9s \u00e0 la culture ; il diffuse des informations sur les \u00e9tudes culturelles des Etats membres du Conseil de l'Europe\n\nAdresse : D\u00e9partement des \u00e9tudes et de la prospective, Minist\u00e8re de la Culture, 2 rue Jean-Lantier, 75001 Paris. T\u00e9l. 40.15.73.00 "}],"skos:altLabel":[{"language":"fr","value":"CIRCLE"}]}